{"id":1572,"date":"2024-11-28T07:22:53","date_gmt":"2024-11-28T07:22:53","guid":{"rendered":"https:\/\/www.affincapital.eu\/?p=1572"},"modified":"2024-11-28T07:22:53","modified_gmt":"2024-11-28T07:22:53","slug":"establecer-metas-financieras","status":"publish","type":"post","link":"https:\/\/www.affincapital.eu\/es\/establecer-metas-financieras\/","title":{"rendered":"Establecer metas financieras: Un enfoque t\u00e9cnico para la gesti\u00f3n patrimonial"},"content":{"rendered":"<p><span style=\"font-weight: 400;\">Establecer metas financieras es un reto. Como expertos en <a href=\"https:\/\/www.affincapital.eu\/guia-gestion-patrimonia\/\"><strong>gesti\u00f3n financiera<\/strong><\/a>, entendemos que la definici\u00f3n de metas financieras no es un acto aislado, sino un componente cr\u00edtico de una estrategia integral para optimizar el uso del capital y gestionar eficientemente los riesgos asociados.<\/span><\/p>\n<h3><b>1. Determinaci\u00f3n del horizonte temporal y categorizaci\u00f3n de metas<\/b><\/h3>\n<p><span style=\"font-weight: 400;\">El primer paso en la definici\u00f3n de metas financieras consiste en segmentarlas en funci\u00f3n del horizonte temporal: corto, mediano y largo plazo.<\/span><\/p>\n<ul>\n<li style=\"font-weight: 400;\" aria-level=\"1\"><b>Metas a corto plazo<\/b><span style=\"font-weight: 400;\">: Generalmente se sit\u00faan en un rango de 1 a 3 a\u00f1os e incluyen objetivos como la acumulaci\u00f3n de un fondo de emergencia o la liquidaci\u00f3n de deudas de alto costo.<\/span><\/li>\n<li style=\"font-weight: 400;\" aria-level=\"1\"><b>Metas a mediano plazo<\/b><span style=\"font-weight: 400;\">: Cubren un periodo de 3 a 10 a\u00f1os e incluyen objetivos como la adquisici\u00f3n de una vivienda o la financiaci\u00f3n de educaci\u00f3n superior.<\/span><\/li>\n<li style=\"font-weight: 400;\" aria-level=\"1\"><b>Metas a largo plazo<\/b><span style=\"font-weight: 400;\">: Extendi\u00e9ndose m\u00e1s all\u00e1 de 10 a\u00f1os, abarcan la planificaci\u00f3n para la jubilaci\u00f3n o la acumulaci\u00f3n de un patrimonio generacional.<\/span><\/li>\n<\/ul>\n<p><span style=\"font-weight: 400;\">Esta categorizaci\u00f3n permite asignar recursos de manera eficiente y establecer prioridades basadas en el tiempo y el impacto financiero de cada meta.<\/span><\/p>\n<h3><b>2. Cuantificaci\u00f3n de objetivos mediante an\u00e1lisis financiero<\/b><\/h3>\n<p><span style=\"font-weight: 400;\">Las metas financieras deben ser cuantificables. Esto implica traducir objetivos abstractos en cifras concretas mediante herramientas de an\u00e1lisis financiero. Por ejemplo, para determinar el monto necesario para la jubilaci\u00f3n, se pueden aplicar metodolog\u00edas como el c\u00e1lculo de necesidades de flujo de caja ajustado por inflaci\u00f3n, utilizando proyecciones de tasas de retorno esperadas y factores de longevidad.<\/span><\/p>\n<h3><b>3. An\u00e1lisis del perfil de riesgo y asignaci\u00f3n de recursos<\/b><\/h3>\n<p><span style=\"font-weight: 400;\">El establecimiento de metas debe estar alineado con el perfil de riesgo del individuo o familia. Esto implica realizar un an\u00e1lisis exhaustivo de:<\/span><\/p>\n<ul>\n<li style=\"font-weight: 400;\" aria-level=\"1\"><b>Capacidad de riesgo<\/b><span style=\"font-weight: 400;\">: Determinada por la situaci\u00f3n financiera actual y la estabilidad de ingresos.<\/span><\/li>\n<li style=\"font-weight: 400;\" aria-level=\"1\"><b>Tolerancia al riesgo<\/b><span style=\"font-weight: 400;\">: Relacionada con la disposici\u00f3n psicol\u00f3gica del cliente a asumir fluctuaciones en el valor de los activos.<\/span><\/li>\n<\/ul>\n<p><span style=\"font-weight: 400;\">Una vez determinado el perfil de riesgo, los recursos se asignan a clases de activos que correspondan a las caracter\u00edsticas de cada meta.<\/span><\/p>\n<ol start=\"4\">\n<li><b> Aplicaci\u00f3n de la metodolog\u00eda SMART<\/b><\/li>\n<\/ol>\n<p><span style=\"font-weight: 400;\">La metodolog\u00eda <\/span><b>SMART<\/b><span style=\"font-weight: 400;\"> (por sus siglas en ingl\u00e9s) proporciona un marco t\u00e9cnico para asegurar que las metas sean espec\u00edficas, medibles, alcanzables, relevantes y temporales:<\/span><\/p>\n<ul>\n<li style=\"font-weight: 400;\" aria-level=\"1\"><b>Espec\u00edficas<\/b><span style=\"font-weight: 400;\">: Cada meta debe estar claramente definida. En lugar de \u201cahorrar para la jubilaci\u00f3n\u201d, el objetivo ser\u00eda \u201cacumular 500.000 \u20ac en 20 a\u00f1os para complementar la pensi\u00f3n\u201d.<\/span><\/li>\n<li style=\"font-weight: 400;\" aria-level=\"1\"><b>Medibles<\/b><span style=\"font-weight: 400;\">: Asignar un valor cuantitativo permite evaluar el progreso. Herramientas como gr\u00e1ficos de seguimiento financiero son \u00fatiles para este prop\u00f3sito.<\/span><\/li>\n<li style=\"font-weight: 400;\" aria-level=\"1\"><b>Alcanzables<\/b><span style=\"font-weight: 400;\">: La meta debe ser realista, considerando la capacidad de ahorro y el retorno esperado de las inversiones.<\/span><\/li>\n<li style=\"font-weight: 400;\" aria-level=\"1\"><b>Relevantes<\/b><span style=\"font-weight: 400;\">: Las metas deben estar alineadas con los valores y objetivos generales del cliente.<\/span><\/li>\n<li style=\"font-weight: 400;\" aria-level=\"1\"><b>Temporales<\/b><span style=\"font-weight: 400;\">: Cada meta debe tener un plazo definido para su consecuci\u00f3n.<\/span><\/li>\n<\/ul>\n<h3><b>5. Evaluaci\u00f3n y ajuste peri\u00f3dico<\/b><\/h3>\n<p><span style=\"font-weight: 400;\">El entorno financiero y las circunstancias personales son din\u00e1micos. Por ello, las metas financieras deben revisarse peri\u00f3dicamente, idealmente de forma anual o tras eventos significativos, como cambios en los ingresos, matrimonio o la llegada de un hijo. La implementaci\u00f3n de un enfoque de \u00abplanificaci\u00f3n din\u00e1mica\u00bb permite ajustar las estrategias para reflejar las nuevas realidades, optimizando la asignaci\u00f3n de recursos y manteniendo el progreso hacia los objetivos a largo plazo. Establecer metas financieras efectivas requiere un enfoque t\u00e9cnico, basado en un an\u00e1lisis detallado del horizonte temporal, el perfil de riesgo y los recursos disponibles.<\/span><\/p>\n<p><span style=\"font-weight: 400;\">Como asesores financieros, nuestra misi\u00f3n es proporcionar un marco estructurado que permita a nuestros clientes no solo alcanzar sus objetivos, sino tambi\u00e9n optimizar el uso de su capital y minimizar los riesgos.\u00a0<\/span><\/p>\n<p><span style=\"font-weight: 400;\"><a href=\"http:\/\/affincapital.eu\"><strong>Porque tu patrimonio es importante, contacta con Affin Capital<\/strong><\/a>.\u00a0<\/span><\/p>\n<blockquote><p><strong>Aviso Legal\u00a0<\/strong><\/p>\n<p><span style=\"font-weight: 400;\">Las rentabilidades pasadas no son un indicador fiable de los resultados futuros. Este documento tiene una finalidad exclusivamente informativa. Las referencias a valores espec\u00edficos que pudiera haber no deben interpretarse como una recomendaci\u00f3n de compra o venta de dichos valores y constituyen menciones con car\u00e1cter exclusivamente ilustrativo. Este documento no constituye una distribuci\u00f3n, una oferta o una invitaci\u00f3n para contratar los servicios de Affin Capital Patrimonial, o una oferta para comprar o vender o una invitaci\u00f3n a una oferta de compra o venta de valores o productos de inversi\u00f3n.<\/span><\/p><\/blockquote>\n","protected":false},"excerpt":{"rendered":"<p>Establecer metas financieras es un reto. Como expertos en gesti\u00f3n financiera, entendemos que la definici\u00f3n de metas financieras no es un acto aislado, sino un componente cr\u00edtico de una estrategia integral para optimizar el uso del capital y gestionar eficientemente los riesgos asociados. 1. Determinaci\u00f3n del horizonte temporal y categorizaci\u00f3n de metas El primer paso [&hellip;]<\/p>\n","protected":false},"author":2,"featured_media":1573,"comment_status":"open","ping_status":"open","sticky":false,"template":"","format":"standard","meta":{"footnotes":""},"categories":[1],"tags":[],"class_list":["post-1572","post","type-post","status-publish","format-standard","has-post-thumbnail","hentry","category-sin-categoria"],"yoast_head":"<!-- This site is optimized with the Yoast SEO plugin v21.0 - https:\/\/yoast.com\/wordpress\/plugins\/seo\/ -->\n<title>C\u00f3mo Establecer Metas Financieras - AFFIN CAPITAL<\/title>\n<meta name=\"description\" content=\"Establecer metas financieras efectivas requiere un enfoque t\u00e9cnico, basado en un an\u00e1lisis detallado del horizonte temporal, el perfil de riesgo y los recursos disponibles.\" \/>\n<meta name=\"robots\" content=\"index, follow, max-snippet:-1, max-image-preview:large, max-video-preview:-1\" \/>\n<link rel=\"canonical\" href=\"https:\/\/www.affincapital.eu\/es\/establecer-metas-financieras\/\" \/>\n<meta property=\"og:locale\" content=\"es_ES\" \/>\n<meta property=\"og:type\" content=\"article\" \/>\n<meta property=\"og:title\" content=\"C\u00f3mo Establecer Metas Financieras - AFFIN CAPITAL\" \/>\n<meta property=\"og:description\" content=\"Establecer metas financieras efectivas requiere un enfoque t\u00e9cnico, basado en un an\u00e1lisis detallado del horizonte temporal, el perfil de riesgo y los recursos disponibles.\" \/>\n<meta property=\"og:url\" content=\"https:\/\/www.affincapital.eu\/es\/establecer-metas-financieras\/\" \/>\n<meta property=\"og:site_name\" content=\"AFFIN CAPITAL\" \/>\n<meta property=\"article:published_time\" content=\"2024-11-28T07:22:53+00:00\" \/>\n<meta property=\"og:image\" content=\"https:\/\/www.affincapital.eu\/wp-content\/uploads\/2024\/11\/AFFIN_LINKEDIN-47.jpg\" \/>\n\t<meta property=\"og:image:width\" content=\"1920\" \/>\n\t<meta property=\"og:image:height\" content=\"1080\" \/>\n\t<meta property=\"og:image:type\" content=\"image\/jpeg\" \/>\n<meta name=\"author\" content=\"Eli Guillen\" \/>\n<meta name=\"twitter:card\" content=\"summary_large_image\" \/>\n<meta name=\"twitter:label1\" content=\"Escrito por\" \/>\n\t<meta name=\"twitter:data1\" content=\"Eli Guillen\" \/>\n\t<meta name=\"twitter:label2\" content=\"Tiempo de lectura\" \/>\n\t<meta name=\"twitter:data2\" content=\"3 minutos\" \/>\n<script type=\"application\/ld+json\" class=\"yoast-schema-graph\">{\"@context\":\"https:\/\/schema.org\",\"@graph\":[{\"@type\":\"Article\",\"@id\":\"https:\/\/www.affincapital.eu\/establecer-metas-financieras\/#article\",\"isPartOf\":{\"@id\":\"https:\/\/www.affincapital.eu\/establecer-metas-financieras\/\"},\"author\":{\"name\":\"Eli Guillen\",\"@id\":\"https:\/\/www.affincapital.eu\/es\/#\/schema\/person\/338ebbc480da287c3e8295d0dd552408\"},\"headline\":\"Establecer metas financieras: Un enfoque t\u00e9cnico para la gesti\u00f3n patrimonial\",\"datePublished\":\"2024-11-28T07:22:53+00:00\",\"dateModified\":\"2024-11-28T07:22:53+00:00\",\"mainEntityOfPage\":{\"@id\":\"https:\/\/www.affincapital.eu\/establecer-metas-financieras\/\"},\"wordCount\":750,\"commentCount\":0,\"publisher\":{\"@id\":\"https:\/\/www.affincapital.eu\/es\/#organization\"},\"inLanguage\":\"es\",\"potentialAction\":[{\"@type\":\"CommentAction\",\"name\":\"Comment\",\"target\":[\"https:\/\/www.affincapital.eu\/establecer-metas-financieras\/#respond\"]}]},{\"@type\":\"WebPage\",\"@id\":\"https:\/\/www.affincapital.eu\/establecer-metas-financieras\/\",\"url\":\"https:\/\/www.affincapital.eu\/establecer-metas-financieras\/\",\"name\":\"C\u00f3mo Establecer Metas Financieras - AFFIN CAPITAL\",\"isPartOf\":{\"@id\":\"https:\/\/www.affincapital.eu\/es\/#website\"},\"datePublished\":\"2024-11-28T07:22:53+00:00\",\"dateModified\":\"2024-11-28T07:22:53+00:00\",\"description\":\"Establecer metas financieras efectivas requiere un enfoque t\u00e9cnico, basado en un an\u00e1lisis detallado del horizonte temporal, el perfil de riesgo y los recursos disponibles.\",\"breadcrumb\":{\"@id\":\"https:\/\/www.affincapital.eu\/establecer-metas-financieras\/#breadcrumb\"},\"inLanguage\":\"es\",\"potentialAction\":[{\"@type\":\"ReadAction\",\"target\":[\"https:\/\/www.affincapital.eu\/establecer-metas-financieras\/\"]}]},{\"@type\":\"BreadcrumbList\",\"@id\":\"https:\/\/www.affincapital.eu\/establecer-metas-financieras\/#breadcrumb\",\"itemListElement\":[{\"@type\":\"ListItem\",\"position\":1,\"name\":\"Portada\",\"item\":\"https:\/\/www.affincapital.eu\/\"},{\"@type\":\"ListItem\",\"position\":2,\"name\":\"Establecer metas financieras: Un enfoque t\u00e9cnico para la gesti\u00f3n patrimonial\"}]},{\"@type\":\"WebSite\",\"@id\":\"https:\/\/www.affincapital.eu\/es\/#website\",\"url\":\"https:\/\/www.affincapital.eu\/es\/\",\"name\":\"AFFIN CAPITAL\",\"description\":\"\",\"publisher\":{\"@id\":\"https:\/\/www.affincapital.eu\/es\/#organization\"},\"potentialAction\":[{\"@type\":\"SearchAction\",\"target\":{\"@type\":\"EntryPoint\",\"urlTemplate\":\"https:\/\/www.affincapital.eu\/es\/?s={search_term_string}\"},\"query-input\":\"required name=search_term_string\"}],\"inLanguage\":\"es\"},{\"@type\":\"Organization\",\"@id\":\"https:\/\/www.affincapital.eu\/es\/#organization\",\"name\":\"AFFIN CAPITAL\",\"url\":\"https:\/\/www.affincapital.eu\/es\/\",\"logo\":{\"@type\":\"ImageObject\",\"inLanguage\":\"es\",\"@id\":\"https:\/\/www.affincapital.eu\/es\/#\/schema\/logo\/image\/\",\"url\":\"https:\/\/www.affincapital.eu\/wp-content\/uploads\/2022\/11\/Affin-logo.jpg\",\"contentUrl\":\"https:\/\/www.affincapital.eu\/wp-content\/uploads\/2022\/11\/Affin-logo.jpg\",\"width\":456,\"height\":259,\"caption\":\"AFFIN CAPITAL\"},\"image\":{\"@id\":\"https:\/\/www.affincapital.eu\/es\/#\/schema\/logo\/image\/\"},\"sameAs\":[\"https:\/\/www.instagram.com\/affin_capital\/\",\"https:\/\/www.linkedin.com\/company\/affin-capital\/?originalSubdomain=es\"]},{\"@type\":\"Person\",\"@id\":\"https:\/\/www.affincapital.eu\/es\/#\/schema\/person\/338ebbc480da287c3e8295d0dd552408\",\"name\":\"Eli Guillen\",\"image\":{\"@type\":\"ImageObject\",\"inLanguage\":\"es\",\"@id\":\"https:\/\/www.affincapital.eu\/es\/#\/schema\/person\/image\/\",\"url\":\"https:\/\/secure.gravatar.com\/avatar\/fd0a0f4948b2d3e306c4673e98ab8f027534f5a0e696547f76203f1325cb1943?s=96&d=mm&r=g\",\"contentUrl\":\"https:\/\/secure.gravatar.com\/avatar\/fd0a0f4948b2d3e306c4673e98ab8f027534f5a0e696547f76203f1325cb1943?s=96&d=mm&r=g\",\"caption\":\"Eli Guillen\"},\"url\":\"https:\/\/www.affincapital.eu\/es\/author\/eli-guillen\/\"}]}<\/script>\n<!-- \/ Yoast SEO plugin. -->","yoast_head_json":{"title":"C\u00f3mo Establecer Metas Financieras - AFFIN CAPITAL","description":"Establecer metas financieras efectivas requiere un enfoque t\u00e9cnico, basado en un an\u00e1lisis detallado del horizonte temporal, el perfil de riesgo y los recursos disponibles.","robots":{"index":"index","follow":"follow","max-snippet":"max-snippet:-1","max-image-preview":"max-image-preview:large","max-video-preview":"max-video-preview:-1"},"canonical":"https:\/\/www.affincapital.eu\/es\/establecer-metas-financieras\/","og_locale":"es_ES","og_type":"article","og_title":"C\u00f3mo Establecer Metas Financieras - AFFIN CAPITAL","og_description":"Establecer metas financieras efectivas requiere un enfoque t\u00e9cnico, basado en un an\u00e1lisis detallado del horizonte temporal, el perfil de riesgo y los recursos disponibles.","og_url":"https:\/\/www.affincapital.eu\/es\/establecer-metas-financieras\/","og_site_name":"AFFIN CAPITAL","article_published_time":"2024-11-28T07:22:53+00:00","og_image":[{"width":1920,"height":1080,"url":"https:\/\/www.affincapital.eu\/wp-content\/uploads\/2024\/11\/AFFIN_LINKEDIN-47.jpg","type":"image\/jpeg"}],"author":"Eli Guillen","twitter_card":"summary_large_image","twitter_misc":{"Escrito por":"Eli Guillen","Tiempo de lectura":"3 minutos"},"schema":{"@context":"https:\/\/schema.org","@graph":[{"@type":"Article","@id":"https:\/\/www.affincapital.eu\/establecer-metas-financieras\/#article","isPartOf":{"@id":"https:\/\/www.affincapital.eu\/establecer-metas-financieras\/"},"author":{"name":"Eli Guillen","@id":"https:\/\/www.affincapital.eu\/es\/#\/schema\/person\/338ebbc480da287c3e8295d0dd552408"},"headline":"Establecer metas financieras: Un enfoque t\u00e9cnico para la gesti\u00f3n patrimonial","datePublished":"2024-11-28T07:22:53+00:00","dateModified":"2024-11-28T07:22:53+00:00","mainEntityOfPage":{"@id":"https:\/\/www.affincapital.eu\/establecer-metas-financieras\/"},"wordCount":750,"commentCount":0,"publisher":{"@id":"https:\/\/www.affincapital.eu\/es\/#organization"},"inLanguage":"es","potentialAction":[{"@type":"CommentAction","name":"Comment","target":["https:\/\/www.affincapital.eu\/establecer-metas-financieras\/#respond"]}]},{"@type":"WebPage","@id":"https:\/\/www.affincapital.eu\/establecer-metas-financieras\/","url":"https:\/\/www.affincapital.eu\/establecer-metas-financieras\/","name":"C\u00f3mo Establecer Metas Financieras - AFFIN CAPITAL","isPartOf":{"@id":"https:\/\/www.affincapital.eu\/es\/#website"},"datePublished":"2024-11-28T07:22:53+00:00","dateModified":"2024-11-28T07:22:53+00:00","description":"Establecer metas financieras efectivas requiere un enfoque t\u00e9cnico, basado en un an\u00e1lisis detallado del horizonte temporal, el perfil de riesgo y los recursos disponibles.","breadcrumb":{"@id":"https:\/\/www.affincapital.eu\/establecer-metas-financieras\/#breadcrumb"},"inLanguage":"es","potentialAction":[{"@type":"ReadAction","target":["https:\/\/www.affincapital.eu\/establecer-metas-financieras\/"]}]},{"@type":"BreadcrumbList","@id":"https:\/\/www.affincapital.eu\/establecer-metas-financieras\/#breadcrumb","itemListElement":[{"@type":"ListItem","position":1,"name":"Portada","item":"https:\/\/www.affincapital.eu\/"},{"@type":"ListItem","position":2,"name":"Establecer metas financieras: Un enfoque t\u00e9cnico para la gesti\u00f3n patrimonial"}]},{"@type":"WebSite","@id":"https:\/\/www.affincapital.eu\/es\/#website","url":"https:\/\/www.affincapital.eu\/es\/","name":"AFFIN CAPITAL","description":"","publisher":{"@id":"https:\/\/www.affincapital.eu\/es\/#organization"},"potentialAction":[{"@type":"SearchAction","target":{"@type":"EntryPoint","urlTemplate":"https:\/\/www.affincapital.eu\/es\/?s={search_term_string}"},"query-input":"required name=search_term_string"}],"inLanguage":"es"},{"@type":"Organization","@id":"https:\/\/www.affincapital.eu\/es\/#organization","name":"AFFIN CAPITAL","url":"https:\/\/www.affincapital.eu\/es\/","logo":{"@type":"ImageObject","inLanguage":"es","@id":"https:\/\/www.affincapital.eu\/es\/#\/schema\/logo\/image\/","url":"https:\/\/www.affincapital.eu\/wp-content\/uploads\/2022\/11\/Affin-logo.jpg","contentUrl":"https:\/\/www.affincapital.eu\/wp-content\/uploads\/2022\/11\/Affin-logo.jpg","width":456,"height":259,"caption":"AFFIN CAPITAL"},"image":{"@id":"https:\/\/www.affincapital.eu\/es\/#\/schema\/logo\/image\/"},"sameAs":["https:\/\/www.instagram.com\/affin_capital\/","https:\/\/www.linkedin.com\/company\/affin-capital\/?originalSubdomain=es"]},{"@type":"Person","@id":"https:\/\/www.affincapital.eu\/es\/#\/schema\/person\/338ebbc480da287c3e8295d0dd552408","name":"Eli Guillen","image":{"@type":"ImageObject","inLanguage":"es","@id":"https:\/\/www.affincapital.eu\/es\/#\/schema\/person\/image\/","url":"https:\/\/secure.gravatar.com\/avatar\/fd0a0f4948b2d3e306c4673e98ab8f027534f5a0e696547f76203f1325cb1943?s=96&d=mm&r=g","contentUrl":"https:\/\/secure.gravatar.com\/avatar\/fd0a0f4948b2d3e306c4673e98ab8f027534f5a0e696547f76203f1325cb1943?s=96&d=mm&r=g","caption":"Eli Guillen"},"url":"https:\/\/www.affincapital.eu\/es\/author\/eli-guillen\/"}]}},"_links":{"self":[{"href":"https:\/\/www.affincapital.eu\/es\/wp-json\/wp\/v2\/posts\/1572","targetHints":{"allow":["GET"]}}],"collection":[{"href":"https:\/\/www.affincapital.eu\/es\/wp-json\/wp\/v2\/posts"}],"about":[{"href":"https:\/\/www.affincapital.eu\/es\/wp-json\/wp\/v2\/types\/post"}],"author":[{"embeddable":true,"href":"https:\/\/www.affincapital.eu\/es\/wp-json\/wp\/v2\/users\/2"}],"replies":[{"embeddable":true,"href":"https:\/\/www.affincapital.eu\/es\/wp-json\/wp\/v2\/comments?post=1572"}],"version-history":[{"count":1,"href":"https:\/\/www.affincapital.eu\/es\/wp-json\/wp\/v2\/posts\/1572\/revisions"}],"predecessor-version":[{"id":1574,"href":"https:\/\/www.affincapital.eu\/es\/wp-json\/wp\/v2\/posts\/1572\/revisions\/1574"}],"wp:featuredmedia":[{"embeddable":true,"href":"https:\/\/www.affincapital.eu\/es\/wp-json\/wp\/v2\/media\/1573"}],"wp:attachment":[{"href":"https:\/\/www.affincapital.eu\/es\/wp-json\/wp\/v2\/media?parent=1572"}],"wp:term":[{"taxonomy":"category","embeddable":true,"href":"https:\/\/www.affincapital.eu\/es\/wp-json\/wp\/v2\/categories?post=1572"},{"taxonomy":"post_tag","embeddable":true,"href":"https:\/\/www.affincapital.eu\/es\/wp-json\/wp\/v2\/tags?post=1572"}],"curies":[{"name":"wp","href":"https:\/\/api.w.org\/{rel}","templated":true}]}}